{"id":915,"date":"2020-06-10T17:51:19","date_gmt":"2020-06-10T15:51:19","guid":{"rendered":"http:\/\/wtr.waw.pl\/?p=915"},"modified":"2020-06-10T17:51:19","modified_gmt":"2020-06-10T15:51:19","slug":"regaty-o-puchar-klasy-tango-oraz-memorial-witka-wasilewskiego","status":"publish","type":"post","link":"http:\/\/wtr.waw.pl\/?p=915","title":{"rendered":"Regaty o PUCHAR KLASY TANGO oraz Memoria\u0142 Witka Wasilewskiego"},"content":{"rendered":"\n<p>Regaty o PUCHAR KLASY TANGO oraz Memoria\u0142 Witka Wasilewskiego odb\u0119d\u0105 si\u0119 w dniach 29-30 sierpnia.<br>Serdecznie zapraszamy!<\/p>\n","protected":false},"excerpt":{"rendered":"<p>Regaty o PUCHAR KLASY TANGO oraz Memoria\u0142 Witka Wasilewskiego odb\u0119d\u0105 si\u0119 w dniach 29-30 sierpnia.Serdecznie zapraszamy!<\/p>\n","protected":false},"author":1,"featured_media":559,"comment_status":"open","ping_status":"open","sticky":false,"template":"","format":"standard","meta":{"footnotes":""},"categories":[6],"tags":[],"class_list":["post-915","post","type-post","status-publish","format-standard","has-post-thumbnail","hentry","category-news"],"_links":{"self":[{"href":"http:\/\/wtr.waw.pl\/index.php?rest_route=\/wp\/v2\/posts\/915","targetHints":{"allow":["GET"]}}],"collection":[{"href":"http:\/\/wtr.waw.pl\/index.php?rest_route=\/wp\/v2\/posts"}],"about":[{"href":"http:\/\/wtr.waw.pl\/index.php?rest_route=\/wp\/v2\/types\/post"}],"author":[{"embeddable":true,"href":"http:\/\/wtr.waw.pl\/index.php?rest_route=\/wp\/v2\/users\/1"}],"replies":[{"embeddable":true,"href":"http:\/\/wtr.waw.pl\/index.php?rest_route=%2Fwp%2Fv2%2Fcomments&post=915"}],"version-history":[{"count":1,"href":"http:\/\/wtr.waw.pl\/index.php?rest_route=\/wp\/v2\/posts\/915\/revisions"}],"predecessor-version":[{"id":916,"href":"http:\/\/wtr.waw.pl\/index.php?rest_route=\/wp\/v2\/posts\/915\/revisions\/916"}],"wp:featuredmedia":[{"embeddable":true,"href":"http:\/\/wtr.waw.pl\/index.php?rest_route=\/wp\/v2\/media\/559"}],"wp:attachment":[{"href":"http:\/\/wtr.waw.pl\/index.php?rest_route=%2Fwp%2Fv2%2Fmedia&parent=915"}],"wp:term":[{"taxonomy":"category","embeddable":true,"href":"http:\/\/wtr.waw.pl\/index.php?rest_route=%2Fwp%2Fv2%2Fcategories&post=915"},{"taxonomy":"post_tag","embeddable":true,"href":"http:\/\/wtr.waw.pl\/index.php?rest_route=%2Fwp%2Fv2%2Ftags&post=915"}],"curies":[{"name":"wp","href":"https:\/\/api.w.org\/{rel}","templated":true}]}}